{"id":17854,"date":"2026-09-02T14:06:19","date_gmt":"2026-09-02T17:06:19","guid":{"rendered":"https:\/\/ultimosfatos.com.br\/portal\/?p=17854"},"modified":"2026-09-02T14:06:19","modified_gmt":"2026-09-02T17:06:19","slug":"iza-arruda-e-tulio-arruda-realizam-carreata-nesta-quarta-feira-em-vitoria-de-santo-antao","status":"publish","type":"post","link":"https:\/\/ultimosfatos.com.br\/portal\/iza-arruda-e-tulio-arruda-realizam-carreata-nesta-quarta-feira-em-vitoria-de-santo-antao\/","title":{"rendered":"Iza Arruda e T\u00falio Arruda realizam carreata nesta quarta-feira em Vit\u00f3ria de Santo Ant\u00e3o"},"content":{"rendered":"<p class=\"selectable-text copyable-text x15bjb6t x1n2onr6\"><span class=\"selectable-text copyable-text xkrh14z\">Vit\u00f3ria de Santo Ant\u00e3o recebe, nesta quarta-feira (02\/09), uma carreata de campanha denominada \u201cMovimento Onda Azul\u201d. O ato contar\u00e1 com a participa\u00e7\u00e3o do candidato a deputado estadual T\u00falio Arruda e da deputada federal Iza Arruda.<\/span><\/p>\n<p class=\"selectable-text copyable-text x15bjb6t x1n2onr6\"><span class=\"selectable-text copyable-text xkrh14z\">De acordo com a organiza\u00e7\u00e3o, a concentra\u00e7\u00e3o est\u00e1 marcada para as 19h15, no bairro da Matriz. O percurso seguir\u00e1 pelas ruas do munic\u00edpio at\u00e9 o bairro Nossa Senhora do Amparo.<\/span><\/p>\n<p class=\"selectable-text copyable-text x15bjb6t x1n2onr6\"><span class=\"selectable-text copyable-text xkrh14z\">Tamb\u00e9m est\u00e3o previstas as participa\u00e7\u00f5es do prefeito de Vit\u00f3ria de Santo Ant\u00e3o, Paulo Roberto, al\u00e9m de vereadores e outras lideran\u00e7as pol\u00edticas.<\/span><\/p>\n<p class=\"selectable-text copyable-text x15bjb6t x1n2onr6\"><span class=\"selectable-text copyable-text xkrh14z\">O ex-prefeito do Recife Jo\u00e3o Campos tamb\u00e9m participa da mobiliza\u00e7\u00e3o. O evento integra a agenda pol\u00edtica dos candidatos no munic\u00edpio e deve reunir apoiadores e lideran\u00e7as locais ao longo do percurso.<\/span><\/p>\n","protected":false},"excerpt":{"rendered":"<p>Vit\u00f3ria de Santo Ant\u00e3o recebe, nesta quarta-feira (02\/09), uma carreata de campanha denominada \u201cMovimento Onda Azul\u201d. O ato contar\u00e1 com [&hellip;]<\/p>\n","protected":false},"author":2,"featured_media":17855,"comment_status":"open","ping_status":"open","sticky":false,"template":"","format":"standard","meta":{"site-sidebar-layout":"default","site-content-layout":"","ast-site-content-layout":"default","site-content-style":"default","site-sidebar-style":"default","ast-global-header-display":"","ast-banner-title-visibility":"","ast-main-header-display":"","ast-hfb-above-header-display":"","ast-hfb-below-header-display":"","ast-hfb-mobile-header-display":"","site-post-title":"","ast-breadcrumbs-content":"","ast-featured-img":"","footer-sml-layout":"","theme-transparent-header-meta":"default","adv-header-id-meta":"","stick-header-meta":"","header-above-stick-meta":"","header-main-stick-meta":"","header-below-stick-meta":"","astra-migrate-meta-layouts":"set","ast-page-background-enabled":"default","ast-page-background-meta":{"desktop":{"background-color":"","background-image":"","background-repeat":"repeat","background-position":"center center","background-size":"auto","background-attachment":"scroll","background-type":"","background-media":"","overlay-type":"","overlay-color":"","overlay-gradient":""},"tablet":{"background-color":"","background-image":"","background-repeat":"repeat","background-position":"center center","background-size":"auto","background-attachment":"scroll","background-type":"","background-media":"","overlay-type":"","overlay-color":"","overlay-gradient":""},"mobile":{"background-color":"","background-image":"","background-repeat":"repeat","background-position":"center center","background-size":"auto","background-attachment":"scroll","background-type":"","background-media":"","overlay-type":"","overlay-color":"","overlay-gradient":""}},"ast-content-background-meta":{"desktop":{"background-color":"var(--ast-global-color-5)","background-image":"","background-repeat":"repeat","background-position":"center center","background-size":"auto","background-attachment":"scroll","background-type":"","background-media":"","overlay-type":"","overlay-color":"","overlay-gradient":""},"tablet":{"background-color":"var(--ast-global-color-5)","background-image":"","background-repeat":"repeat","background-position":"center center","background-size":"auto","background-attachment":"scroll","background-type":"","background-media":"","overlay-type":"","overlay-color":"","overlay-gradient":""},"mobile":{"background-color":"var(--ast-global-color-5)","background-image":"","background-repeat":"repeat","background-position":"center center","background-size":"auto","background-attachment":"scroll","background-type":"","background-media":"","overlay-type":"","overlay-color":"","overlay-gradient":""}},"footnotes":""},"categories":[28,32,35,33,29],"tags":[],"class_list":["post-17854","post","type-post","status-publish","format-standard","has-post-thumbnail","hentry","category-destaques","category-noticias","category-pernambuco","category-politica","category-vitoria-de-santo-antao"],"_links":{"self":[{"href":"https:\/\/ultimosfatos.com.br\/portal\/wp-json\/wp\/v2\/posts\/17854","targetHints":{"allow":["GET"]}}],"collection":[{"href":"https:\/\/ultimosfatos.com.br\/portal\/wp-json\/wp\/v2\/posts"}],"about":[{"href":"https:\/\/ultimosfatos.com.br\/portal\/wp-json\/wp\/v2\/types\/post"}],"author":[{"embeddable":true,"href":"https:\/\/ultimosfatos.com.br\/portal\/wp-json\/wp\/v2\/users\/2"}],"replies":[{"embeddable":true,"href":"https:\/\/ultimosfatos.com.br\/portal\/wp-json\/wp\/v2\/comments?post=17854"}],"version-history":[{"count":1,"href":"https:\/\/ultimosfatos.com.br\/portal\/wp-json\/wp\/v2\/posts\/17854\/revisions"}],"predecessor-version":[{"id":17856,"href":"https:\/\/ultimosfatos.com.br\/portal\/wp-json\/wp\/v2\/posts\/17854\/revisions\/17856"}],"wp:featuredmedia":[{"embeddable":true,"href":"https:\/\/ultimosfatos.com.br\/portal\/wp-json\/wp\/v2\/media\/17855"}],"wp:attachment":[{"href":"https:\/\/ultimosfatos.com.br\/portal\/wp-json\/wp\/v2\/media?parent=17854"}],"wp:term":[{"taxonomy":"category","embeddable":true,"href":"https:\/\/ultimosfatos.com.br\/portal\/wp-json\/wp\/v2\/categories?post=17854"},{"taxonomy":"post_tag","embeddable":true,"href":"https:\/\/ultimosfatos.com.br\/portal\/wp-json\/wp\/v2\/tags?post=17854"}],"curies":[{"name":"wp","href":"https:\/\/api.w.org\/{rel}","templated":true}]}}