{"id":17857,"date":"2026-09-03T08:30:51","date_gmt":"2026-09-03T11:30:51","guid":{"rendered":"https:\/\/ultimosfatos.com.br\/portal\/?p=17857"},"modified":"2026-09-03T08:30:51","modified_gmt":"2026-09-03T11:30:51","slug":"vitoria-de-santo-antao-recebe-primeira-caminhada-onda-azul-com-participacao-de-liderancas-politicas","status":"publish","type":"post","link":"https:\/\/ultimosfatos.com.br\/portal\/vitoria-de-santo-antao-recebe-primeira-caminhada-onda-azul-com-participacao-de-liderancas-politicas\/","title":{"rendered":"Vit\u00f3ria de Santo Ant\u00e3o recebe primeira Caminhada Onda Azul com participa\u00e7\u00e3o de lideran\u00e7as pol\u00edticas"},"content":{"rendered":"<p>Vit\u00f3ria de Santo Ant\u00e3o recebeu, nesta quarta-feira (2), a primeira edi\u00e7\u00e3o da Caminhada Onda Azul. A mobiliza\u00e7\u00e3o saiu do bairro da Matriz em dire\u00e7\u00e3o ao Alto do Amparo e reuniu apoiadores, candidatos e lideran\u00e7as pol\u00edticas.<\/p>\n<p>A caminhada foi liderada pelo prefeito Paulo Roberto e contou com a participa\u00e7\u00e3o do candidato T\u00falio Arruda e da deputada federal Iza Arruda. Tamb\u00e9m estiveram no evento o candidato ao Governo de Pernambuco, Jo\u00e3o Campos, e os candidatos ao Senado Humberto Costa e Mar\u00edlia Arraes.<\/p>\n<p>Durante o percurso, os participantes acompanharam a caminhada pelas ruas da cidade, em uma agenda voltada \u00e0 mobiliza\u00e7\u00e3o eleitoral e ao contato direto com os eleitores.<\/p>\n<p>\u201cA nossa primeira caminhada da Onda Azul mostrou a for\u00e7a de quem acredita, participa e faz essa caminhada acontecer junto com a gente. Cada abra\u00e7o, cada sorriso, cada pessoa nas ruas fez esse momento ser ainda mais especial\u201d, afirmou Paulo Roberto.<\/p>\n<p>Iza Arruda destacou a participa\u00e7\u00e3o do p\u00fablico e o contato com os moradores durante a caminhada. \u201cCada abra\u00e7o, cada sorriso, cada pessoa que caminhou ao nosso lado fez esse momento ser ainda mais especial. \u00c9 olhando para tudo isso que eu tenho ainda mais certeza de que vale a pena seguir caminhando, ouvindo e trabalhando por quem acredita na gente\u201d, declarou.<\/p>\n<p>Jo\u00e3o Campos tamb\u00e9m comentou a mobiliza\u00e7\u00e3o. \u201cNossa Caminhada 40 reuniu uma multid\u00e3o nas ruas para mostrar que Pernambuco quer avan\u00e7ar com coragem, di\u00e1logo e entregas de verdade. Vit\u00f3ria de Santo Ant\u00e3o disse sim ao trabalho e \u00e0 esperan\u00e7a e a caravana da mudan\u00e7a segue com a for\u00e7a de quem acredita no nosso estado\u201d, disse.<\/p>\n","protected":false},"excerpt":{"rendered":"<p>Vit\u00f3ria de Santo Ant\u00e3o recebeu, nesta quarta-feira (2), a primeira edi\u00e7\u00e3o da Caminhada Onda Azul. A mobiliza\u00e7\u00e3o saiu do bairro [&hellip;]<\/p>\n","protected":false},"author":2,"featured_media":17858,"comment_status":"open","ping_status":"open","sticky":false,"template":"","format":"standard","meta":{"site-sidebar-layout":"default","site-content-layout":"","ast-site-content-layout":"default","site-content-style":"default","site-sidebar-style":"default","ast-global-header-display":"","ast-banner-title-visibility":"","ast-main-header-display":"","ast-hfb-above-header-display":"","ast-hfb-below-header-display":"","ast-hfb-mobile-header-display":"","site-post-title":"","ast-breadcrumbs-content":"","ast-featured-img":"","footer-sml-layout":"","theme-transparent-header-meta":"default","adv-header-id-meta":"","stick-header-meta":"","header-above-stick-meta":"","header-main-stick-meta":"","header-below-stick-meta":"","astra-migrate-meta-layouts":"set","ast-page-background-enabled":"default","ast-page-background-meta":{"desktop":{"background-color":"","background-image":"","background-repeat":"repeat","background-position":"center center","background-size":"auto","background-attachment":"scroll","background-type":"","background-media":"","overlay-type":"","overlay-color":"","overlay-gradient":""},"tablet":{"background-color":"","background-image":"","background-repeat":"repeat","background-position":"center center","background-size":"auto","background-attachment":"scroll","background-type":"","background-media":"","overlay-type":"","overlay-color":"","overlay-gradient":""},"mobile":{"background-color":"","background-image":"","background-repeat":"repeat","background-position":"center center","background-size":"auto","background-attachment":"scroll","background-type":"","background-media":"","overlay-type":"","overlay-color":"","overlay-gradient":""}},"ast-content-background-meta":{"desktop":{"background-color":"var(--ast-global-color-5)","background-image":"","background-repeat":"repeat","background-position":"center center","background-size":"auto","background-attachment":"scroll","background-type":"","background-media":"","overlay-type":"","overlay-color":"","overlay-gradient":""},"tablet":{"background-color":"var(--ast-global-color-5)","background-image":"","background-repeat":"repeat","background-position":"center center","background-size":"auto","background-attachment":"scroll","background-type":"","background-media":"","overlay-type":"","overlay-color":"","overlay-gradient":""},"mobile":{"background-color":"var(--ast-global-color-5)","background-image":"","background-repeat":"repeat","background-position":"center center","background-size":"auto","background-attachment":"scroll","background-type":"","background-media":"","overlay-type":"","overlay-color":"","overlay-gradient":""}},"footnotes":""},"categories":[28,32,35,33,29],"tags":[],"class_list":["post-17857","post","type-post","status-publish","format-standard","has-post-thumbnail","hentry","category-destaques","category-noticias","category-pernambuco","category-politica","category-vitoria-de-santo-antao"],"_links":{"self":[{"href":"https:\/\/ultimosfatos.com.br\/portal\/wp-json\/wp\/v2\/posts\/17857","targetHints":{"allow":["GET"]}}],"collection":[{"href":"https:\/\/ultimosfatos.com.br\/portal\/wp-json\/wp\/v2\/posts"}],"about":[{"href":"https:\/\/ultimosfatos.com.br\/portal\/wp-json\/wp\/v2\/types\/post"}],"author":[{"embeddable":true,"href":"https:\/\/ultimosfatos.com.br\/portal\/wp-json\/wp\/v2\/users\/2"}],"replies":[{"embeddable":true,"href":"https:\/\/ultimosfatos.com.br\/portal\/wp-json\/wp\/v2\/comments?post=17857"}],"version-history":[{"count":1,"href":"https:\/\/ultimosfatos.com.br\/portal\/wp-json\/wp\/v2\/posts\/17857\/revisions"}],"predecessor-version":[{"id":17859,"href":"https:\/\/ultimosfatos.com.br\/portal\/wp-json\/wp\/v2\/posts\/17857\/revisions\/17859"}],"wp:featuredmedia":[{"embeddable":true,"href":"https:\/\/ultimosfatos.com.br\/portal\/wp-json\/wp\/v2\/media\/17858"}],"wp:attachment":[{"href":"https:\/\/ultimosfatos.com.br\/portal\/wp-json\/wp\/v2\/media?parent=17857"}],"wp:term":[{"taxonomy":"category","embeddable":true,"href":"https:\/\/ultimosfatos.com.br\/portal\/wp-json\/wp\/v2\/categories?post=17857"},{"taxonomy":"post_tag","embeddable":true,"href":"https:\/\/ultimosfatos.com.br\/portal\/wp-json\/wp\/v2\/tags?post=17857"}],"curies":[{"name":"wp","href":"https:\/\/api.w.org\/{rel}","templated":true}]}}